{"id":245,"date":"2024-03-11T19:57:09","date_gmt":"2024-03-11T18:57:09","guid":{"rendered":"https:\/\/www.afl85.org\/fr\/?p=245"},"modified":"2024-03-11T19:57:19","modified_gmt":"2024-03-11T18:57:19","slug":"fin-de-vie-ludaf85-vous-propose-une-conference-debat","status":"publish","type":"post","link":"https:\/\/www.afl85.org\/fr\/blog\/fin-de-vie-ludaf85-vous-propose-une-conference-debat\/","title":{"rendered":"Fin de vie : l&rsquo;UDAF85 vous propose une conf\u00e9rence-d\u00e9bat"},"content":{"rendered":"<h1 class=\"header-single__title is-style-h2\">le 28 mars \u00e0 la Maison des Familles<\/h1>\n<p class=\"header-single__sub-title is-style-h4\">L&rsquo;Udaf de la Vend\u00e9e vous invite \u00e0 sa conf\u00e9rence-d\u00e9bat sur la fin de vie qui aura lieu le jeudi 28 mars 2024 de 14h30 \u00e0 17h30 \u00e0 la Maison des familles de La Roche-sur-Yon.<\/p>\n<header class=\"header-single\">\n<div class=\"container\">\n<div class=\"header-single__thumbnail\"><picture><source srcset=\"https:\/\/www.udaf85.fr\/rs:auto:320:206\/gravity:sm\/app\/uploads\/sites\/3\/2022\/09\/handicap-vieillesse-aidants.jpg, https:\/\/www.udaf85.fr\/rs:auto:640:413\/gravity:sm\/app\/uploads\/sites\/3\/2022\/09\/handicap-vieillesse-aidants.jpg 2x\" media=\"(max-width: 768px)\" data-srcset=\"https:\/\/www.udaf85.fr\/rs:auto:320:206\/gravity:sm\/app\/uploads\/sites\/3\/2022\/09\/handicap-vieillesse-aidants.jpg, https:\/\/www.udaf85.fr\/rs:auto:640:413\/gravity:sm\/app\/uploads\/sites\/3\/2022\/09\/handicap-vieillesse-aidants.jpg 2x\" \/><source srcset=\"https:\/\/www.udaf85.fr\/rs:auto:760:490\/gravity:sm\/app\/uploads\/sites\/3\/2022\/09\/handicap-vieillesse-aidants.jpg, https:\/\/www.udaf85.fr\/rs:auto:1520:980\/gravity:sm\/app\/uploads\/sites\/3\/2022\/09\/handicap-vieillesse-aidants.jpg 2x\" data-srcset=\"https:\/\/www.udaf85.fr\/rs:auto:760:490\/gravity:sm\/app\/uploads\/sites\/3\/2022\/09\/handicap-vieillesse-aidants.jpg, https:\/\/www.udaf85.fr\/rs:auto:1520:980\/gravity:sm\/app\/uploads\/sites\/3\/2022\/09\/handicap-vieillesse-aidants.jpg 2x\" \/><\/picture><\/div>\n<\/div>\n<\/header>\n<div class=\"blocks-container\">\n<div class=\"wp-container-1 wp-block-buttons\">\n<div class=\"wp-block-button\" style=\"text-align: center;\"><a class=\"wp-block-button__link\" href=\"https:\/\/www.helloasso.com\/associations\/udaf-85\/evenements\/conference-debat-sur-la-fin-de-vie\" target=\"_blank\" rel=\"noreferrer noopener\">Inscription sur hello asso<\/a><\/div>\n<div>\n<div class=\"wp-container-3 wp-block-group has-dark-25-background-color has-background\">\n<div class=\"wp-block-group__inner-container\">\n<div class=\"wp-block-columns\">\n<div class=\"wp-block-column\">\n<h3>Programme :<\/h3>\n<p><strong>14 h : Accueil<\/strong><\/p>\n<p><strong>Propos introductifs et table ronde :<\/strong><\/p>\n<ul>\n<li><strong>Etat des lieux et t\u00e9moignages de familles<\/strong><\/li>\n<\/ul>\n<p><strong>Interventions du Docteur Caroline Hennion, cheffe de service d\u2019une Unit\u00e9 de Soins Palliatifs et d\u2019une \u00c9quipe Mobile de Soins Palliatifs et de Sophie Gabillaud, cadre de sant\u00e9<\/strong> <strong>:<\/strong><\/p>\n<ul>\n<li><strong>Soins palliatifs : de quoi parle-t-on ?<\/strong><\/li>\n<li><strong>Loi Claeys-Leonetti : son cadre d\u2019application et la s\u00e9dation profonde<\/strong><\/li>\n<li><strong>Directives anticip\u00e9es : derni\u00e8res volont\u00e9s sur les soins en fin de vie<\/strong><\/li>\n<\/ul>\n<\/div>\n<div class=\"wp-block-column\">\n<p><strong>15 h 50 : pause<\/strong><\/p>\n<p><strong>R\u00e9flexions :<\/strong><\/p>\n<ul>\n<li><strong>Fran\u00e7oise Jalet, co-pr\u00e9sidente de JALMALV : Jusqu\u2019\u00c0 La Mort Accompagner La Vie<\/strong><\/li>\n<li><strong>Jacques Ricot, philosophe<\/strong><\/li>\n<li><strong>Docteur Caroline Hennion, cheffe de service d\u2019une Unit\u00e9 de Soins Palliatifs et d\u2019une \u00c9quipe Mobile de Soins Palliatifs et Sophie Gabillaud, cadre de sant\u00e9<\/strong><\/li>\n<\/ul>\n<p><strong>Questions-r\u00e9ponses avec l\u2019assembl\u00e9e<\/strong><\/p>\n<p><strong>Prise de parole de parlementaires vend\u00e9ens<\/strong><\/p>\n<p><strong>17 h 30 : cl\u00f4ture et remerciements<\/strong><\/p>\n<\/div>\n<\/div>\n<div class=\"wp-container-2 wp-block-buttons\">\n<div class=\"wp-block-button\" style=\"text-align: center;\"><a class=\"wp-block-button__link\" href=\"https:\/\/www.helloasso.com\/associations\/udaf-85\/evenements\/conference-debat-sur-la-fin-de-vie\" target=\"_blank\" rel=\"noreferrer noopener\">Inscription sur hello asso<\/a><\/div>\n<\/div>\n<\/div>\n<\/div>\n<\/div>\n<\/div>\n<\/div>\n","protected":false},"excerpt":{"rendered":"<p>le 28 mars \u00e0 la Maison des Familles L&rsquo;Udaf de la Vend\u00e9e vous invite \u00e0 sa conf\u00e9rence-d\u00e9bat sur la fin de vie qui aura lieu le jeudi 28 mars 2024 de 14h30 \u00e0 17h30 \u00e0 la Maison des familles de La Roche-sur-Yon. Inscription sur hello asso Programme : 14 h : Accueil Propos introductifs et&hellip; <br \/> <a class=\"button small blue\" href=\"https:\/\/www.afl85.org\/fr\/blog\/fin-de-vie-ludaf85-vous-propose-une-conference-debat\/\">Lire la suite<\/a><\/p>\n","protected":false},"author":1,"featured_media":246,"comment_status":"closed","ping_status":"closed","sticky":false,"template":"","format":"standard","meta":{"footnotes":""},"categories":[1],"tags":[],"class_list":["post-245","post","type-post","status-publish","format-standard","has-post-thumbnail","hentry","category-non-classe"],"_links":{"self":[{"href":"https:\/\/www.afl85.org\/fr\/wp-json\/wp\/v2\/posts\/245","targetHints":{"allow":["GET"]}}],"collection":[{"href":"https:\/\/www.afl85.org\/fr\/wp-json\/wp\/v2\/posts"}],"about":[{"href":"https:\/\/www.afl85.org\/fr\/wp-json\/wp\/v2\/types\/post"}],"author":[{"embeddable":true,"href":"https:\/\/www.afl85.org\/fr\/wp-json\/wp\/v2\/users\/1"}],"replies":[{"embeddable":true,"href":"https:\/\/www.afl85.org\/fr\/wp-json\/wp\/v2\/comments?post=245"}],"version-history":[{"count":1,"href":"https:\/\/www.afl85.org\/fr\/wp-json\/wp\/v2\/posts\/245\/revisions"}],"predecessor-version":[{"id":247,"href":"https:\/\/www.afl85.org\/fr\/wp-json\/wp\/v2\/posts\/245\/revisions\/247"}],"wp:featuredmedia":[{"embeddable":true,"href":"https:\/\/www.afl85.org\/fr\/wp-json\/wp\/v2\/media\/246"}],"wp:attachment":[{"href":"https:\/\/www.afl85.org\/fr\/wp-json\/wp\/v2\/media?parent=245"}],"wp:term":[{"taxonomy":"category","embeddable":true,"href":"https:\/\/www.afl85.org\/fr\/wp-json\/wp\/v2\/categories?post=245"},{"taxonomy":"post_tag","embeddable":true,"href":"https:\/\/www.afl85.org\/fr\/wp-json\/wp\/v2\/tags?post=245"}],"curies":[{"name":"wp","href":"https:\/\/api.w.org\/{rel}","templated":true}]}}