{"id":236,"date":"2023-03-11T10:58:40","date_gmt":"2023-03-11T09:58:40","guid":{"rendered":"http:\/\/www.afl85.org\/fr\/?p=236"},"modified":"2023-03-11T11:01:08","modified_gmt":"2023-03-11T10:01:08","slug":"31-mars-maison-des-familles-a-18h","status":"publish","type":"post","link":"https:\/\/www.afl85.org\/fr\/blog\/31-mars-maison-des-familles-a-18h\/","title":{"rendered":"31 mars Maison des Familles \u00e0 18h"},"content":{"rendered":"<p><img loading=\"lazy\" decoding=\"async\" class=\"wp-image-208 alignleft\" src=\"http:\/\/www.afl85.org\/fr\/wp-content\/uploads\/2022\/11\/afl85-300x284.png\" alt=\"\" width=\"111\" height=\"105\" srcset=\"https:\/\/www.afl85.org\/fr\/wp-content\/uploads\/2022\/11\/afl85-300x284.png 300w, https:\/\/www.afl85.org\/fr\/wp-content\/uploads\/2022\/11\/afl85-150x142.png 150w, https:\/\/www.afl85.org\/fr\/wp-content\/uploads\/2022\/11\/afl85-768x727.png 768w, https:\/\/www.afl85.org\/fr\/wp-content\/uploads\/2022\/11\/afl85.png 1000w\" sizes=\"auto, (max-width: 111px) 100vw, 111px\" \/><\/p>\n<p><strong>Maison des Familles<\/strong><\/p>\n<p>UDAF85<\/p>\n<p>Bd des \u00c9tats Unis<\/p>\n<p>85000 La Roche-sur-Yon<\/p>\n<p><em>Pr\u00e9sentation du cahier des Familles La\u00efques<\/em><\/p>\n<p>\u00ab\u00a0une famille la\u00efque c&rsquo;est ?\u00a0\u00bb <em>En pr\u00e9sence de contributrices &amp; contributeurs \u00e0 l\u2019\u00e9criture de ce cahier<\/em>.<\/p>\n<p><img loading=\"lazy\" decoding=\"async\" class=\"alignnone size-medium wp-image-217\" src=\"http:\/\/www.afl85.org\/fr\/wp-content\/uploads\/2022\/11\/2022-11-04-Panoramique-300x204.jpg\" alt=\"\" width=\"300\" height=\"204\" srcset=\"https:\/\/www.afl85.org\/fr\/wp-content\/uploads\/2022\/11\/2022-11-04-Panoramique-300x204.jpg 300w, https:\/\/www.afl85.org\/fr\/wp-content\/uploads\/2022\/11\/2022-11-04-Panoramique-1024x696.jpg 1024w, https:\/\/www.afl85.org\/fr\/wp-content\/uploads\/2022\/11\/2022-11-04-Panoramique-150x102.jpg 150w, https:\/\/www.afl85.org\/fr\/wp-content\/uploads\/2022\/11\/2022-11-04-Panoramique-768x522.jpg 768w, https:\/\/www.afl85.org\/fr\/wp-content\/uploads\/2022\/11\/2022-11-04-Panoramique-1536x1044.jpg 1536w, https:\/\/www.afl85.org\/fr\/wp-content\/uploads\/2022\/11\/2022-11-04-Panoramique-2048x1392.jpg 2048w, https:\/\/www.afl85.org\/fr\/wp-content\/uploads\/2022\/11\/2022-11-04-Panoramique-1589x1080.jpg 1589w\" sizes=\"auto, (max-width: 300px) 100vw, 300px\" \/><\/p>\n<h3><u>Les contributeurs et contributrices<\/u><\/h3>\n<p><em>\u00a0<\/em><em>Yolande BURNELEAU<\/em><\/p>\n<p><em>Jean-Marie BONNEMAYRE<\/em><\/p>\n<p><em>Nicolas CAD\u00c8NE<\/em><\/p>\n<p>Mon grand-p\u00e8re connu dans son village du Sud vend\u00e9en, pour ses opinions politiques socialistes, a laiss\u00e9 \u00e0 sa femme l&rsquo;\u00e9ducation des enfants. Elle a donc choisi de les envoyer \u00e0 l&rsquo;\u00e9cole la\u00efque et de les \u00e9lever dans la foi catholique.<\/p>\n<p>Claudine ORDONNEAU<\/p>\n<p>Certes, l\u2019\u00e9ducation parentale est premi\u00e8re et irrempla\u00e7able, mais elle a besoin d\u2019\u00eatre prolong\u00e9e par une instruction publique commune\u00a0: premi\u00e8re socialisation, premi\u00e8re action pr\u00e9ventive des marginalisations sociales, des enfermements dogmatiques, des d\u00e9rives sectaires, des radicalisations. La formule \u00ab\u00a0chacun son \u00e9cole\u00a0\u00bb doit devenir \u00ab\u00a0l\u2019\u00e9cole pour tous\u00a0\u00bb<\/p>\n<p><a name=\"_Toc118454949\"><\/a>Jean-Pierre MAJZER<\/p>\n<p>Pratiquer sa foi religieuse est de l\u2019ordre de l\u2019intime, et doit s\u2019exercer dans la sph\u00e8re priv\u00e9e. C\u2019est dans tous les cas, les enseignements que j\u2019ai retenus de mes grands-parents.<\/p>\n<p>Malika Ouar BELAIDI<\/p>\n<p>Une famille ath\u00e9e qui pr\u00f4nerait l\u2019id\u00e9e d\u2019un ath\u00e9isme obligatoire pour l\u2019ensemble du corps social ne serait en ce sens pas plus \u201cla\u00efque\u201d qu\u2019une famille croyante voulant imposer une religion d\u2019Etat.<\/p>\n<p>Martine CHANTECAILLE<\/p>\n<p>En somme, nous formons une famille la\u00efque dans le sens o\u00f9 chacun de nous, dans son cadre et son lieu de vie et dans la diversit\u00e9 de son environnement, respecte l\u2019id\u00e9e religieuse ou l\u2019exercice du culte de ceux qui pratiquent leur religion sans pros\u00e9lytisme.<\/p>\n<p><a name=\"_Toc118454945\"><\/a>Daniel CASTAGNE<\/p>\n<p>La la\u00efcit\u00e9 est en somme le principe fondateur garant d\u2019une soci\u00e9t\u00e9 d\u2019\u00eatres libres et \u00e9gaux en droits et devoirs.<\/p>\n<p><a name=\"_Toc118454940\"><\/a>Serge BOUCLAINVILLE<\/p>\n<p>&nbsp;<\/p>\n<p><em>Abel T.<\/em><\/p>\n<p><em>Pierre<\/em><\/p>\n<p><em>Olivier H.<\/em><\/p>\n<p><em>Armelle C.<\/em><\/p>\n<p><em>G\u00e9rard L.<\/em><\/p>\n<p><em>Estelle V.<\/em><\/p>\n","protected":false},"excerpt":{"rendered":"<p>Maison des Familles UDAF85 Bd des \u00c9tats Unis 85000 La Roche-sur-Yon Pr\u00e9sentation du cahier des Familles La\u00efques \u00ab\u00a0une famille la\u00efque c&rsquo;est ?\u00a0\u00bb En pr\u00e9sence de contributrices &amp; contributeurs \u00e0 l\u2019\u00e9criture de ce cahier. Les contributeurs et contributrices \u00a0Yolande BURNELEAU Jean-Marie BONNEMAYRE Nicolas CAD\u00c8NE Mon grand-p\u00e8re connu dans son village du Sud vend\u00e9en, pour ses opinions&hellip; <br \/> <a class=\"button small blue\" href=\"https:\/\/www.afl85.org\/fr\/blog\/31-mars-maison-des-familles-a-18h\/\">Lire la suite<\/a><\/p>\n","protected":false},"author":1,"featured_media":227,"comment_status":"closed","ping_status":"closed","sticky":false,"template":"","format":"standard","meta":{"footnotes":""},"categories":[1],"tags":[],"class_list":["post-236","post","type-post","status-publish","format-standard","has-post-thumbnail","hentry","category-non-classe"],"_links":{"self":[{"href":"https:\/\/www.afl85.org\/fr\/wp-json\/wp\/v2\/posts\/236","targetHints":{"allow":["GET"]}}],"collection":[{"href":"https:\/\/www.afl85.org\/fr\/wp-json\/wp\/v2\/posts"}],"about":[{"href":"https:\/\/www.afl85.org\/fr\/wp-json\/wp\/v2\/types\/post"}],"author":[{"embeddable":true,"href":"https:\/\/www.afl85.org\/fr\/wp-json\/wp\/v2\/users\/1"}],"replies":[{"embeddable":true,"href":"https:\/\/www.afl85.org\/fr\/wp-json\/wp\/v2\/comments?post=236"}],"version-history":[{"count":3,"href":"https:\/\/www.afl85.org\/fr\/wp-json\/wp\/v2\/posts\/236\/revisions"}],"predecessor-version":[{"id":239,"href":"https:\/\/www.afl85.org\/fr\/wp-json\/wp\/v2\/posts\/236\/revisions\/239"}],"wp:featuredmedia":[{"embeddable":true,"href":"https:\/\/www.afl85.org\/fr\/wp-json\/wp\/v2\/media\/227"}],"wp:attachment":[{"href":"https:\/\/www.afl85.org\/fr\/wp-json\/wp\/v2\/media?parent=236"}],"wp:term":[{"taxonomy":"category","embeddable":true,"href":"https:\/\/www.afl85.org\/fr\/wp-json\/wp\/v2\/categories?post=236"},{"taxonomy":"post_tag","embeddable":true,"href":"https:\/\/www.afl85.org\/fr\/wp-json\/wp\/v2\/tags?post=236"}],"curies":[{"name":"wp","href":"https:\/\/api.w.org\/{rel}","templated":true}]}}