{"id":206,"date":"2022-11-21T12:45:02","date_gmt":"2022-11-21T11:45:02","guid":{"rendered":"http:\/\/www.afl85.org\/fr\/?p=206"},"modified":"2022-11-21T12:59:28","modified_gmt":"2022-11-21T11:59:28","slug":"8-12-rencontre-discussion-autour-du-cahier-des-familles-laiques-une-famille-laique-cest-avec-la-participation-des-contributeurs","status":"publish","type":"post","link":"https:\/\/www.afl85.org\/fr\/blog\/8-12-rencontre-discussion-autour-du-cahier-des-familles-laiques-une-famille-laique-cest-avec-la-participation-des-contributeurs\/","title":{"rendered":"Rencontre discussion autour du cahier des Familles La\u00efques"},"content":{"rendered":"<p>Dans le cadre de la semaine de la La\u00efcit\u00e9<\/p>\n<p><img loading=\"lazy\" decoding=\"async\" class=\"wp-image-207 alignleft\" src=\"http:\/\/www.afl85.org\/fr\/wp-content\/uploads\/2022\/11\/AL-St-Gilles-Croix-de-Vie-298x300.jpg\" alt=\"\" width=\"92\" height=\"93\" srcset=\"https:\/\/www.afl85.org\/fr\/wp-content\/uploads\/2022\/11\/AL-St-Gilles-Croix-de-Vie-298x300.jpg 298w, https:\/\/www.afl85.org\/fr\/wp-content\/uploads\/2022\/11\/AL-St-Gilles-Croix-de-Vie-150x150.jpg 150w, https:\/\/www.afl85.org\/fr\/wp-content\/uploads\/2022\/11\/AL-St-Gilles-Croix-de-Vie.jpg 586w\" sizes=\"auto, (max-width: 92px) 100vw, 92px\" \/><\/p>\n<p>Le 8 d\u00e9cembre 2022 \u00e0 20h00<br \/>\nCentre socio-culturel<br \/>\nLa petite gare<br \/>\n35 Rue du Mar\u00e9chal Leclerc<br \/>\nSaint-Gilles-Croix-de-Vie<\/p>\n<p><img loading=\"lazy\" decoding=\"async\" class=\"wp-image-208 alignleft\" src=\"http:\/\/www.afl85.org\/fr\/wp-content\/uploads\/2022\/11\/afl85-300x284.png\" alt=\"\" width=\"111\" height=\"105\" srcset=\"https:\/\/www.afl85.org\/fr\/wp-content\/uploads\/2022\/11\/afl85-300x284.png 300w, https:\/\/www.afl85.org\/fr\/wp-content\/uploads\/2022\/11\/afl85-150x142.png 150w, https:\/\/www.afl85.org\/fr\/wp-content\/uploads\/2022\/11\/afl85-768x727.png 768w, https:\/\/www.afl85.org\/fr\/wp-content\/uploads\/2022\/11\/afl85.png 1000w\" sizes=\"auto, (max-width: 111px) 100vw, 111px\" \/>Rencontre discussion autour du cahier des Familles La\u00efques \u00ab\u00a0une famille la\u00efque c&rsquo;est ?\u00a0\u00bb avec la participation des contributeurs.<\/p>\n<p>&nbsp;<\/p>\n<p>&nbsp;<\/p>\n<p><img loading=\"lazy\" decoding=\"async\" class=\"alignnone  wp-image-217\" src=\"http:\/\/www.afl85.org\/fr\/wp-content\/uploads\/2022\/11\/2022-11-04-Panoramique-300x204.jpg\" alt=\"\" width=\"707\" height=\"481\" srcset=\"https:\/\/www.afl85.org\/fr\/wp-content\/uploads\/2022\/11\/2022-11-04-Panoramique-300x204.jpg 300w, https:\/\/www.afl85.org\/fr\/wp-content\/uploads\/2022\/11\/2022-11-04-Panoramique-1024x696.jpg 1024w, https:\/\/www.afl85.org\/fr\/wp-content\/uploads\/2022\/11\/2022-11-04-Panoramique-150x102.jpg 150w, https:\/\/www.afl85.org\/fr\/wp-content\/uploads\/2022\/11\/2022-11-04-Panoramique-768x522.jpg 768w, https:\/\/www.afl85.org\/fr\/wp-content\/uploads\/2022\/11\/2022-11-04-Panoramique-1536x1044.jpg 1536w, https:\/\/www.afl85.org\/fr\/wp-content\/uploads\/2022\/11\/2022-11-04-Panoramique-2048x1392.jpg 2048w, https:\/\/www.afl85.org\/fr\/wp-content\/uploads\/2022\/11\/2022-11-04-Panoramique-1589x1080.jpg 1589w\" sizes=\"auto, (max-width: 707px) 100vw, 707px\" \/><\/p>\n<p>JEAN-LUC AVIDE&#8230;&#8230;&#8230;&#8230;&#8230;&#8230;&#8230;&#8230;&#8230;&#8230;&#8230;&#8230;&#8230;&#8230;&#8230;&#8230;&#8230;&#8230;&#8230;&#8230;&#8230;&#8230;&#8230;&#8230;&#8230;&#8230;&#8230;&#8230;&#8230;&#8230;&#8230;&#8230;&#8230;&#8230;&#8230;&#8230;&#8230;&#8230; 1<\/p>\n<p>NOUS SOMMES LES FAMILLES LAIQUES DE VENDEE !!!\u00a0 \u00ab Comit\u00e9 Jean-Luc Avide \u00bb&#8230;&#8230;.. 3<\/p>\n<p>Le mot de la Pr\u00e9sidente des FAMILLES LAIQUES DE VEND\u00c9E Comit\u00e9 \u00ab Jean-Luc AVIDE \u00bb 7<\/p>\n<p>Yolande BURNELEAU&#8230;&#8230;&#8230;&#8230;&#8230;&#8230;&#8230;&#8230;&#8230;&#8230;&#8230;&#8230;&#8230;&#8230;&#8230;&#8230;&#8230;&#8230;&#8230;&#8230;&#8230;&#8230;&#8230;&#8230;&#8230;&#8230;&#8230;&#8230;&#8230;&#8230;&#8230;&#8230;&#8230;&#8230;&#8230;&#8230; 7<\/p>\n<p>La\u00efcit\u00e9 et \u00c9ducation&#8230;&#8230;&#8230;&#8230;&#8230;&#8230;&#8230;&#8230;&#8230;&#8230;&#8230;&#8230;&#8230;&#8230;&#8230;&#8230;&#8230;&#8230;&#8230;&#8230;&#8230;&#8230;&#8230;&#8230;&#8230;&#8230;&#8230;&#8230;&#8230;&#8230;&#8230;&#8230;&#8230;&#8230;&#8230;&#8230;. 9<\/p>\n<p>Jean-Marie BONNEMAYRE&#8230;&#8230;&#8230;&#8230;&#8230;&#8230;&#8230;&#8230;&#8230;&#8230;&#8230;&#8230;&#8230;&#8230;&#8230;&#8230;&#8230;&#8230;&#8230;&#8230;&#8230;&#8230;&#8230;&#8230;&#8230;&#8230;&#8230;&#8230;&#8230;&#8230;&#8230;&#8230;.. 9<\/p>\n<p>Une famille la\u00efque, c\u2019est quoi ?&#8230;&#8230;&#8230;&#8230;&#8230;&#8230;&#8230;&#8230;&#8230;&#8230;&#8230;&#8230;&#8230;&#8230;&#8230;&#8230;&#8230;&#8230;&#8230;&#8230;&#8230;&#8230;&#8230;&#8230;&#8230;&#8230;&#8230;&#8230;&#8230;&#8230;. 13<\/p>\n<p>Nicolas CAD\u00c8NE&#8230;&#8230;&#8230;&#8230;&#8230;&#8230;&#8230;&#8230;&#8230;&#8230;&#8230;&#8230;&#8230;&#8230;&#8230;&#8230;&#8230;&#8230;&#8230;&#8230;&#8230;&#8230;&#8230;&#8230;&#8230;&#8230;&#8230;&#8230;&#8230;&#8230;&#8230;&#8230;&#8230;&#8230;&#8230;&#8230;&#8230;&#8230;. 13<\/p>\n<p>Une famille la\u00efque c\u2019est&#8230;&#8230;&#8230;&#8230;&#8230;&#8230;&#8230;&#8230;&#8230;&#8230;&#8230;&#8230;&#8230;&#8230;&#8230;&#8230;&#8230;&#8230;&#8230;&#8230;&#8230;&#8230;&#8230;&#8230;&#8230;&#8230;&#8230;&#8230;&#8230;&#8230;&#8230;&#8230;&#8230;&#8230;. 15<\/p>\n<p>Martine CHANTECAILLE&#8230;&#8230;&#8230;&#8230;&#8230;&#8230;&#8230;&#8230;&#8230;&#8230;&#8230;&#8230;&#8230;&#8230;&#8230;&#8230;&#8230;&#8230;&#8230;&#8230;&#8230;&#8230;&#8230;&#8230;&#8230;&#8230;&#8230;&#8230;&#8230;&#8230;&#8230;&#8230;&#8230;&#8230;. 15<\/p>\n<p>LA\u00cfCITE, ENGAGEMENT SOCIAL ET FAMILLE&#8230;&#8230;&#8230;&#8230;&#8230;&#8230;&#8230;&#8230;&#8230;&#8230;&#8230;&#8230;&#8230;&#8230;&#8230;&#8230;&#8230;&#8230;&#8230;&#8230;&#8230;&#8230;&#8230;.. 19<\/p>\n<p>Serge BOUCLAINVILLE&#8230;&#8230;&#8230;&#8230;&#8230;&#8230;&#8230;&#8230;&#8230;&#8230;&#8230;&#8230;&#8230;&#8230;&#8230;&#8230;&#8230;&#8230;&#8230;&#8230;&#8230;&#8230;&#8230;&#8230;&#8230;&#8230;&#8230;&#8230;&#8230;&#8230;&#8230;&#8230;&#8230;&#8230;&#8230;. 19<\/p>\n<ol>\n<li>Enfance \u2013 Jeunesse parisienne : \u00ab La\u00efque sans le savoir \u00bb&#8230;&#8230;&#8230;&#8230;&#8230;&#8230;&#8230;&#8230;&#8230;&#8230;&#8230;&#8230;&#8230;&#8230;&#8230;. 19<\/li>\n<li>Vivre et militer en Vend\u00e9e : la la\u00efcit\u00e9 ; garante de la libert\u00e9&#8230;&#8230;&#8230;&#8230;&#8230;&#8230;&#8230;&#8230;&#8230;&#8230;&#8230;&#8230;&#8230;.. 19<\/li>\n<\/ol>\n<p>Alors, qu\u2019est-ce qu\u2019une famille la\u00efque, une \u00e9ducation la\u00efque ?&#8230;&#8230;&#8230;&#8230;&#8230;&#8230;&#8230;&#8230;&#8230;&#8230;&#8230;&#8230;&#8230;&#8230; 21<\/p>\n<p>Famille la\u00efque&#8230;&#8230;&#8230;&#8230;&#8230;&#8230;&#8230;&#8230;&#8230;&#8230;&#8230;&#8230;&#8230;&#8230;&#8230;&#8230;&#8230;&#8230;&#8230;&#8230;&#8230;&#8230;&#8230;&#8230;&#8230;&#8230;&#8230;&#8230;&#8230;&#8230;&#8230;&#8230;&#8230;&#8230;&#8230;&#8230;&#8230;&#8230;&#8230;. 23<\/p>\n<p>Daniel CASTAGNE&#8230;&#8230;&#8230;&#8230;&#8230;&#8230;&#8230;&#8230;&#8230;&#8230;&#8230;&#8230;&#8230;&#8230;&#8230;&#8230;&#8230;&#8230;&#8230;&#8230;&#8230;&#8230;&#8230;&#8230;&#8230;&#8230;&#8230;&#8230;&#8230;&#8230;&#8230;&#8230;&#8230;&#8230;&#8230;&#8230;&#8230;. 23<\/p>\n<p>LAICIT\u00c9 ET CITOYENNET\u00c9&#8230;&#8230;&#8230;&#8230;&#8230;&#8230;&#8230;&#8230;&#8230;&#8230;&#8230;&#8230;&#8230;&#8230;&#8230;&#8230;&#8230;&#8230;&#8230;&#8230;&#8230;&#8230;&#8230;&#8230;&#8230;&#8230;&#8230;&#8230;&#8230;&#8230;&#8230;&#8230;&#8230;.. 25<\/p>\n<p>Malika Ouar BELAIDI&#8230;&#8230;&#8230;&#8230;&#8230;&#8230;&#8230;&#8230;&#8230;&#8230;&#8230;&#8230;&#8230;&#8230;&#8230;&#8230;&#8230;&#8230;&#8230;&#8230;&#8230;&#8230;&#8230;&#8230;&#8230;&#8230;&#8230;&#8230;&#8230;&#8230;&#8230;&#8230;&#8230;&#8230;&#8230;.. 25<\/p>\n<p>Famille la\u00efque et \u00e9cole de la R\u00e9publique&#8230;&#8230;&#8230;&#8230;&#8230;&#8230;&#8230;&#8230;&#8230;&#8230;&#8230;&#8230;&#8230;&#8230;&#8230;&#8230;&#8230;&#8230;&#8230;&#8230;&#8230;&#8230;&#8230;&#8230;&#8230;. 27<\/p>\n<p>Jean-Pierre MAJZER&#8230;&#8230;&#8230;&#8230;&#8230;&#8230;&#8230;&#8230;&#8230;&#8230;&#8230;&#8230;&#8230;&#8230;&#8230;&#8230;&#8230;&#8230;&#8230;&#8230;&#8230;&#8230;&#8230;&#8230;&#8230;&#8230;&#8230;&#8230;&#8230;&#8230;&#8230;&#8230;&#8230;&#8230;&#8230;&#8230; 27<\/p>\n<p>UNE FAMILLE LA\u00cfQUE, C&rsquo;EST &#8230;&#8230;&#8230;&#8230;&#8230;&#8230;&#8230;&#8230;&#8230;&#8230;&#8230;&#8230;&#8230;&#8230;&#8230;&#8230;&#8230;&#8230;&#8230;&#8230;&#8230;&#8230;&#8230;&#8230;&#8230;&#8230;&#8230;&#8230;&#8230;&#8230;&#8230;. 35<\/p>\n<p>Claudine ORDONNEAU&#8230;&#8230;&#8230;&#8230;&#8230;&#8230;&#8230;&#8230;&#8230;&#8230;&#8230;&#8230;&#8230;&#8230;&#8230;&#8230;&#8230;&#8230;&#8230;&#8230;&#8230;&#8230;&#8230;&#8230;&#8230;&#8230;&#8230;&#8230;&#8230;&#8230;&#8230;&#8230;&#8230;&#8230;&#8230; 35<\/p>\n<p>Une famille mosa\u00efque&#8230;&#8230;&#8230;&#8230;&#8230;&#8230;&#8230;&#8230;&#8230;&#8230;&#8230;&#8230;&#8230;&#8230;&#8230;&#8230;&#8230;&#8230;&#8230;&#8230;&#8230;&#8230;&#8230;&#8230;&#8230;&#8230;&#8230;&#8230;&#8230;&#8230;&#8230;&#8230;&#8230;&#8230;&#8230;. 39<\/p>\n<p>Gaspard NORRITO&#8230;&#8230;&#8230;&#8230;&#8230;&#8230;&#8230;&#8230;&#8230;&#8230;&#8230;&#8230;&#8230;&#8230;&#8230;&#8230;&#8230;&#8230;&#8230;&#8230;&#8230;&#8230;&#8230;&#8230;&#8230;&#8230;&#8230;&#8230;&#8230;&#8230;&#8230;&#8230;&#8230;&#8230;&#8230;&#8230;&#8230;. 39<\/p>\n<p>T\u00e9moignage&#8230;&#8230;&#8230;&#8230;&#8230;&#8230;&#8230;&#8230;&#8230;&#8230;&#8230;&#8230;&#8230;&#8230;&#8230;&#8230;&#8230;&#8230;&#8230;&#8230;&#8230;&#8230;&#8230;&#8230;&#8230;&#8230;&#8230;&#8230;&#8230;&#8230;&#8230;&#8230;&#8230;&#8230;&#8230;&#8230;&#8230;&#8230;&#8230;&#8230;. 41<\/p>\n<p>Abel T&#8230;&#8230;&#8230;&#8230;&#8230;&#8230;&#8230;&#8230;&#8230;&#8230;&#8230;&#8230;&#8230;&#8230;&#8230;&#8230;&#8230;&#8230;&#8230;&#8230;&#8230;&#8230;&#8230;&#8230;&#8230;&#8230;&#8230;&#8230;&#8230;&#8230;&#8230;&#8230;&#8230;&#8230;&#8230;&#8230;&#8230;&#8230;&#8230;&#8230;&#8230;&#8230;&#8230;.. 41<\/p>\n<p>Pierre&#8230;&#8230;&#8230;&#8230;&#8230;&#8230;&#8230;&#8230;&#8230;&#8230;&#8230;&#8230;&#8230;&#8230;&#8230;&#8230;&#8230;&#8230;&#8230;&#8230;&#8230;&#8230;&#8230;&#8230;&#8230;&#8230;&#8230;&#8230;&#8230;&#8230;&#8230;&#8230;&#8230;&#8230;&#8230;&#8230;&#8230;&#8230;&#8230;&#8230;&#8230;&#8230;&#8230;.. 42<\/p>\n<p>Olivier H&#8230;&#8230;&#8230;&#8230;&#8230;&#8230;&#8230;&#8230;&#8230;&#8230;&#8230;&#8230;&#8230;&#8230;&#8230;&#8230;&#8230;&#8230;&#8230;&#8230;&#8230;&#8230;&#8230;&#8230;&#8230;&#8230;&#8230;&#8230;&#8230;&#8230;&#8230;&#8230;&#8230;&#8230;&#8230;&#8230;&#8230;&#8230;&#8230;&#8230;&#8230;&#8230;. 43<\/p>\n<p>Armelle C&#8230;&#8230;&#8230;&#8230;&#8230;&#8230;&#8230;&#8230;&#8230;&#8230;&#8230;&#8230;&#8230;&#8230;&#8230;&#8230;&#8230;&#8230;&#8230;&#8230;&#8230;&#8230;&#8230;&#8230;&#8230;&#8230;&#8230;&#8230;&#8230;&#8230;&#8230;&#8230;&#8230;&#8230;&#8230;&#8230;&#8230;&#8230;&#8230;&#8230;&#8230;.. 44<\/p>\n<p>G\u00e9rard L.70 ans&#8230;&#8230;&#8230;&#8230;&#8230;&#8230;&#8230;&#8230;&#8230;&#8230;&#8230;&#8230;&#8230;&#8230;&#8230;&#8230;&#8230;&#8230;&#8230;&#8230;&#8230;&#8230;&#8230;&#8230;&#8230;&#8230;&#8230;&#8230;&#8230;&#8230;&#8230;&#8230;&#8230;&#8230;&#8230;&#8230;&#8230;&#8230;.. 44<\/p>\n<p>Estelle V&#8230;&#8230;&#8230;&#8230;&#8230;&#8230;&#8230;&#8230;&#8230;&#8230;&#8230;&#8230;&#8230;&#8230;&#8230;&#8230;&#8230;&#8230;&#8230;&#8230;&#8230;&#8230;&#8230;&#8230;&#8230;&#8230;&#8230;&#8230;&#8230;&#8230;&#8230;&#8230;&#8230;&#8230;&#8230;&#8230;&#8230;&#8230;&#8230;&#8230;&#8230;&#8230;. 44<\/p>\n<p>Loi du 9 d\u00e9cembre 1905 : Quelques articles&#8230;&#8230;&#8230;&#8230;&#8230;&#8230;&#8230;&#8230;&#8230;&#8230;&#8230;&#8230;&#8230;&#8230;&#8230;&#8230;&#8230;&#8230;&#8230;&#8230;&#8230;&#8230;&#8230;.. 45<\/p>\n<p>D\u00e9claration des droits de l\u2019homme&#8230;&#8230;&#8230;&#8230;&#8230;&#8230;&#8230;&#8230;&#8230;&#8230;&#8230;&#8230;&#8230;&#8230;&#8230;&#8230;&#8230;&#8230;&#8230;&#8230;&#8230;&#8230;&#8230;&#8230;&#8230;&#8230;&#8230;&#8230;. 46<\/p>\n<p>&nbsp;<\/p>\n","protected":false},"excerpt":{"rendered":"<p>Dans le cadre de la semaine de la La\u00efcit\u00e9 Le 8 d\u00e9cembre 2022 \u00e0 20h00 Centre socio-culturel La petite gare 35 Rue du Mar\u00e9chal Leclerc Saint-Gilles-Croix-de-Vie Rencontre discussion autour du cahier des Familles La\u00efques \u00ab\u00a0une famille la\u00efque c&rsquo;est ?\u00a0\u00bb avec la participation des contributeurs. &nbsp; &nbsp; JEAN-LUC AVIDE&#8230;&#8230;&#8230;&#8230;&#8230;&#8230;&#8230;&#8230;&#8230;&#8230;&#8230;&#8230;&#8230;&#8230;&#8230;&#8230;&#8230;&#8230;&#8230;&#8230;&#8230;&#8230;&#8230;&#8230;&#8230;&#8230;&#8230;&#8230;&#8230;&#8230;&#8230;&#8230;&#8230;&#8230;&#8230;&#8230;&#8230;&#8230; 1 NOUS SOMMES LES FAMILLES LAIQUES DE&hellip; <br \/> <a class=\"button small blue\" href=\"https:\/\/www.afl85.org\/fr\/blog\/8-12-rencontre-discussion-autour-du-cahier-des-familles-laiques-une-famille-laique-cest-avec-la-participation-des-contributeurs\/\">Lire la suite<\/a><\/p>\n","protected":false},"author":1,"featured_media":209,"comment_status":"closed","ping_status":"closed","sticky":false,"template":"","format":"standard","meta":{"footnotes":""},"categories":[1],"tags":[],"class_list":["post-206","post","type-post","status-publish","format-standard","has-post-thumbnail","hentry","category-non-classe"],"_links":{"self":[{"href":"https:\/\/www.afl85.org\/fr\/wp-json\/wp\/v2\/posts\/206","targetHints":{"allow":["GET"]}}],"collection":[{"href":"https:\/\/www.afl85.org\/fr\/wp-json\/wp\/v2\/posts"}],"about":[{"href":"https:\/\/www.afl85.org\/fr\/wp-json\/wp\/v2\/types\/post"}],"author":[{"embeddable":true,"href":"https:\/\/www.afl85.org\/fr\/wp-json\/wp\/v2\/users\/1"}],"replies":[{"embeddable":true,"href":"https:\/\/www.afl85.org\/fr\/wp-json\/wp\/v2\/comments?post=206"}],"version-history":[{"count":8,"href":"https:\/\/www.afl85.org\/fr\/wp-json\/wp\/v2\/posts\/206\/revisions"}],"predecessor-version":[{"id":218,"href":"https:\/\/www.afl85.org\/fr\/wp-json\/wp\/v2\/posts\/206\/revisions\/218"}],"wp:featuredmedia":[{"embeddable":true,"href":"https:\/\/www.afl85.org\/fr\/wp-json\/wp\/v2\/media\/209"}],"wp:attachment":[{"href":"https:\/\/www.afl85.org\/fr\/wp-json\/wp\/v2\/media?parent=206"}],"wp:term":[{"taxonomy":"category","embeddable":true,"href":"https:\/\/www.afl85.org\/fr\/wp-json\/wp\/v2\/categories?post=206"},{"taxonomy":"post_tag","embeddable":true,"href":"https:\/\/www.afl85.org\/fr\/wp-json\/wp\/v2\/tags?post=206"}],"curies":[{"name":"wp","href":"https:\/\/api.w.org\/{rel}","templated":true}]}}