{"id":199,"date":"2022-11-21T12:26:49","date_gmt":"2022-11-21T11:26:49","guid":{"rendered":"http:\/\/www.afl85.org\/fr\/?p=199"},"modified":"2022-11-22T09:47:30","modified_gmt":"2022-11-22T08:47:30","slug":"une-famille-laique-cest","status":"publish","type":"post","link":"https:\/\/www.afl85.org\/fr\/blog\/une-famille-laique-cest\/","title":{"rendered":"Une famille la\u00efque c&rsquo;est &#8230;"},"content":{"rendered":"<p><em><img loading=\"lazy\" decoding=\"async\" class=\"size-medium wp-image-217 alignleft\" src=\"http:\/\/www.afl85.org\/fr\/wp-content\/uploads\/2022\/11\/2022-11-04-Panoramique-300x204.jpg\" alt=\"\" width=\"300\" height=\"204\" srcset=\"https:\/\/www.afl85.org\/fr\/wp-content\/uploads\/2022\/11\/2022-11-04-Panoramique-300x204.jpg 300w, https:\/\/www.afl85.org\/fr\/wp-content\/uploads\/2022\/11\/2022-11-04-Panoramique-1024x696.jpg 1024w, https:\/\/www.afl85.org\/fr\/wp-content\/uploads\/2022\/11\/2022-11-04-Panoramique-150x102.jpg 150w, https:\/\/www.afl85.org\/fr\/wp-content\/uploads\/2022\/11\/2022-11-04-Panoramique-768x522.jpg 768w, https:\/\/www.afl85.org\/fr\/wp-content\/uploads\/2022\/11\/2022-11-04-Panoramique-1536x1044.jpg 1536w, https:\/\/www.afl85.org\/fr\/wp-content\/uploads\/2022\/11\/2022-11-04-Panoramique-2048x1392.jpg 2048w, https:\/\/www.afl85.org\/fr\/wp-content\/uploads\/2022\/11\/2022-11-04-Panoramique-1589x1080.jpg 1589w\" sizes=\"auto, (max-width: 300px) 100vw, 300px\" \/><\/em><em>Le Comit\u00e9 d\u00e9partementale des Associations Familiales La\u00efques de Vend\u00e9e (CDAFAL Jean Luc Avide) est heureux de vous proposer en avant-premi\u00e8re, la parution de son livre de 52 pages <\/em><em>qui sort \u00e0 point nomm\u00e9 et sera pr\u00e9sent\u00e9 pendant la semaine de la la\u00efcite 2022. Les Familles La\u00efques, agr\u00e9es par l\u2019UDAF, d\u00e9fendent les int\u00e9r\u00eats sociaux et moraux de toutes les familles quelle que soit leur composition. Elles ont une reconnaissance : f\u00e9d\u00e9ration d\u2019\u00e9ducation populaire et elles b\u00e9n\u00e9ficient au niveau national d\u2019un agr\u00e9ment sant\u00e9. Ce livre vous permettra je l\u2019esp\u00e8re de nous rejoindre pour d\u00e9battre et \u00e9changer avec ses auteurs d\u00e8s que possible.\u00a0 \u00a0\u00a0\u00a0\u00a0\u00a0\u00a0\u00a0\u00a0\u00a0\u00a0\u00a0\u00a0\u00a0\u00a0\u00a0\u00a0\u00a0\u00a0\u00a0\u00a0\u00a0\u00a0\u00a0\u00a0\u00a0\u00a0\u00a0\u00a0\u00a0\u00a0\u00a0\u00a0\u00a0\u00a0\u00a0\u00a0\u00a0\u00a0\u00a0\u00a0\u00a0\u00a0\u00a0\u00a0\u00a0\u00a0\u00a0\u00a0\u00a0\u00a0\u00a0\u00a0\u00a0\u00a0\u00a0\u00a0\u00a0\u00a0\u00a0\u00a0\u00a0\u00a0\u00a0\u00a0\u00a0\u00a0\u00a0\u00a0\u00a0\u00a0\u00a0\u00a0\u00a0 \u00a0\u00a0\u00a0<\/em><\/p>\n<p><em>La Pr\u00e9sidente, Yolande Burneleau<\/em><\/p>\n<p>En 1999, Jean- Luc Avide alors secr\u00e9taire g\u00e9n\u00e9ral de la Lige de l\u2019Enseignement\u00a0\u00a0 FOL 85 organise une r\u00e9flexion sur le r\u00f4le de la famille au sein du mouvement la\u00efc. Le constat est simple : motrice du mouvement de ses combats de ses \u00e9volutions la famille n\u2019y est pas assez reconnue en tant que telle. Cette non reconnaissance entraine une ignorance des pouvoirs publics des familles la\u00efques dans les instances d\u00e9partementales ou pourtant elle devrait pouvoir si\u00e9ger et apporter leur contribution pour faire soci\u00e9t\u00e9. Ce Premier constat est suivi d\u2019un autre : La famille est devenue LES familles et l\u00e0 encore les nouvelles formes familiales sont souvent m\u00e9connues et m\u00eame parfois combattues.<\/p>\n<p>Jean-Luc Avide est alors \u00e0 l\u2019initiative de la cr\u00e9ation d\u2019associations familiales la\u00efques sur le d\u00e9partement de la Vend\u00e9e \u2026parmi les noms des premiers responsables ont retrouv\u00e9 ceux de Cloch\u00e9 Filot ,Pascal Humbert,Serge Guyet\u2026<\/p>\n<p><strong>Ce livre vous est propos\u00e9 au prix de 8\u20ac plus les \u00e9ventuels frais d\u2018envoi de 2.90 \u20ac.<br \/>\n<\/strong><em>Pour le paiement du livre sans frais de port \u00a0par carte bancaire : <a href=\"https:\/\/www.helloasso.com\/associations\/conseil-departemental-des-associations-familiales-laiques\/paiements\/retrait-une-famille-laique-c-est\">Cliquez ICI\u00a0 8.00 \u20ac<\/a><br \/>\n<\/em><em>Pour le paiement du livre avec frais de port \u00a0par carte bancaire\u00a0: <a href=\"https:\/\/www.helloasso.com\/associations\/conseil-departemental-des-associations-familiales-laiques\/paiements\/une-famille-la-que-c-est\">Cliquez ICI\u00a0 10.90 \u20ac<\/a><\/em><\/p>\n<p>Pour les autres moyens de paiement envoyez les par courrier \u00e0 l&rsquo;aide du <a href=\"http:\/\/www.afl85.org\/fr\/wp-content\/uploads\/2022\/11\/2022-11-22-bon-de-commande-souscription.pdf\">bon de commande<\/a> au si\u00e8ge social : CDAFAL85 \u2013 41 rue Monge \u2013 85000 La Roche-sur-Yon<\/p>\n<p><a href=\"http:\/\/www.afl85.org\/fr\/wp-content\/uploads\/2022\/11\/2022-11-22-bon-de-commande-souscription.pdf\"><strong>Bon de Commande<\/strong><\/a><\/p>\n<p><em>\u00a0<\/em><\/p>\n","protected":false},"excerpt":{"rendered":"<p>Le Comit\u00e9 d\u00e9partementale des Associations Familiales La\u00efques de Vend\u00e9e (CDAFAL Jean Luc Avide) est heureux de vous proposer en avant-premi\u00e8re, la parution de son livre de 52 pages qui sort \u00e0 point nomm\u00e9 et sera pr\u00e9sent\u00e9 pendant la semaine de la la\u00efcite 2022. Les Familles La\u00efques, agr\u00e9es par l\u2019UDAF, d\u00e9fendent les int\u00e9r\u00eats sociaux et moraux&hellip; <br \/> <a class=\"button small blue\" href=\"https:\/\/www.afl85.org\/fr\/blog\/une-famille-laique-cest\/\">Lire la suite<\/a><\/p>\n","protected":false},"author":1,"featured_media":200,"comment_status":"closed","ping_status":"closed","sticky":false,"template":"","format":"standard","meta":{"footnotes":""},"categories":[1],"tags":[],"class_list":["post-199","post","type-post","status-publish","format-standard","has-post-thumbnail","hentry","category-non-classe"],"_links":{"self":[{"href":"https:\/\/www.afl85.org\/fr\/wp-json\/wp\/v2\/posts\/199","targetHints":{"allow":["GET"]}}],"collection":[{"href":"https:\/\/www.afl85.org\/fr\/wp-json\/wp\/v2\/posts"}],"about":[{"href":"https:\/\/www.afl85.org\/fr\/wp-json\/wp\/v2\/types\/post"}],"author":[{"embeddable":true,"href":"https:\/\/www.afl85.org\/fr\/wp-json\/wp\/v2\/users\/1"}],"replies":[{"embeddable":true,"href":"https:\/\/www.afl85.org\/fr\/wp-json\/wp\/v2\/comments?post=199"}],"version-history":[{"count":10,"href":"https:\/\/www.afl85.org\/fr\/wp-json\/wp\/v2\/posts\/199\/revisions"}],"predecessor-version":[{"id":224,"href":"https:\/\/www.afl85.org\/fr\/wp-json\/wp\/v2\/posts\/199\/revisions\/224"}],"wp:featuredmedia":[{"embeddable":true,"href":"https:\/\/www.afl85.org\/fr\/wp-json\/wp\/v2\/media\/200"}],"wp:attachment":[{"href":"https:\/\/www.afl85.org\/fr\/wp-json\/wp\/v2\/media?parent=199"}],"wp:term":[{"taxonomy":"category","embeddable":true,"href":"https:\/\/www.afl85.org\/fr\/wp-json\/wp\/v2\/categories?post=199"},{"taxonomy":"post_tag","embeddable":true,"href":"https:\/\/www.afl85.org\/fr\/wp-json\/wp\/v2\/tags?post=199"}],"curies":[{"name":"wp","href":"https:\/\/api.w.org\/{rel}","templated":true}]}}