{"id":163,"date":"2021-01-04T17:32:24","date_gmt":"2021-01-04T16:32:24","guid":{"rendered":"http:\/\/www.afl85.org\/fr\/?p=163"},"modified":"2022-10-04T10:35:18","modified_gmt":"2022-10-04T08:35:18","slug":"livre-et-pourtant-ils-savaient","status":"publish","type":"post","link":"https:\/\/www.afl85.org\/fr\/blog\/livre-et-pourtant-ils-savaient\/","title":{"rendered":"Livre \u00ab\u00a0Et pourtant&#8230; Ils savaient !\u00a0\u00bb"},"content":{"rendered":"<p><img loading=\"lazy\" decoding=\"async\" class=\"size-medium wp-image-165 alignleft\" src=\"http:\/\/www.afl85.org\/fr\/wp-content\/uploads\/2021\/01\/Final-total-couverture-1-195x300.jpg\" alt=\"\" width=\"195\" height=\"300\" srcset=\"https:\/\/www.afl85.org\/fr\/wp-content\/uploads\/2021\/01\/Final-total-couverture-1-195x300.jpg 195w, https:\/\/www.afl85.org\/fr\/wp-content\/uploads\/2021\/01\/Final-total-couverture-1-664x1024.jpg 664w, https:\/\/www.afl85.org\/fr\/wp-content\/uploads\/2021\/01\/Final-total-couverture-1-97x150.jpg 97w, https:\/\/www.afl85.org\/fr\/wp-content\/uploads\/2021\/01\/Final-total-couverture-1-768x1184.jpg 768w, https:\/\/www.afl85.org\/fr\/wp-content\/uploads\/2021\/01\/Final-total-couverture-1-996x1536.jpg 996w, https:\/\/www.afl85.org\/fr\/wp-content\/uploads\/2021\/01\/Final-total-couverture-1-1328x2048.jpg 1328w, https:\/\/www.afl85.org\/fr\/wp-content\/uploads\/2021\/01\/Final-total-couverture-1-1024x1579.jpg 1024w, https:\/\/www.afl85.org\/fr\/wp-content\/uploads\/2021\/01\/Final-total-couverture-1-700x1080.jpg 700w, https:\/\/www.afl85.org\/fr\/wp-content\/uploads\/2021\/01\/Final-total-couverture-1.jpg 1636w\" sizes=\"auto, (max-width: 195px) 100vw, 195px\" \/><\/p>\n<p><em>Le Comit\u00e9 d\u00e9partementale des Associations Familiales La\u00efques de Vend\u00e9e (CDAFAL Jean Luc Avide) est heureux de vous proposer en avant-premi\u00e8re, la parution du livre de Danielle Billy qui sort \u00e0 point nomm\u00e9 en cette p\u00e9riode de confinement. Les Familles La\u00efques, agr\u00e9es par l&rsquo;UDAF, d\u00e9fendent les int\u00e9r\u00eats sociaux et moraux de toutes les familles quelle que soit leur composition. Elles ont une reconnaissance : f\u00e9d\u00e9ration d&rsquo;\u00e9ducation populaire et elles b\u00e9n\u00e9ficient au niveau national d&rsquo;un agr\u00e9ment sant\u00e9. Ce livre vous permettra je l&rsquo;esp\u00e8re de nous rejoindre pour d\u00e9battre et \u00e9changer avec son auteur d\u00e8s que possible.\u00a0 \u00a0\u00a0\u00a0\u00a0\u00a0\u00a0\u00a0\u00a0\u00a0\u00a0\u00a0\u00a0\u00a0\u00a0\u00a0\u00a0\u00a0\u00a0\u00a0\u00a0\u00a0\u00a0\u00a0\u00a0\u00a0\u00a0\u00a0\u00a0\u00a0\u00a0\u00a0\u00a0\u00a0\u00a0\u00a0\u00a0\u00a0\u00a0\u00a0\u00a0\u00a0\u00a0\u00a0\u00a0\u00a0\u00a0\u00a0\u00a0\u00a0\u00a0\u00a0\u00a0\u00a0\u00a0\u00a0\u00a0\u00a0\u00a0\u00a0\u00a0\u00a0\u00a0\u00a0\u00a0\u00a0\u00a0\u00a0\u00a0\u00a0\u00a0\u00a0\u00a0\u00a0 \u00a0\u00a0\u00a0<\/em><\/p>\n<p style=\"text-align: right;\"><em>La Pr\u00e9sidente, Yolande Burneleau<\/em><\/p>\n<p>Nous \u00e9tions inform\u00e9s de \u00ab\u00a0<em>l\u2019\u00e9mergence d\u2019une maladie respiratoire humaine hautement transmissible et virulente (\u2026) mais il n\u2019y avait pas de volont\u00e9 politique <\/em>\u00bb.<br \/>\nL\u2019impr\u00e9paration \u00e9tait manifeste. La r\u00e9organisation des services hospitaliers est devenue vecteur d\u2019anxi\u00e9t\u00e9 pour le personnel\u00a0: tout s\u2019est fait dans l\u2019urgence, la pression \u00e9tait omnipr\u00e9sente.<br \/>\nLe drame du coronavirus s\u2019est incontestablement tenu au sein des Ehpad livr\u00e9s \u00e0 eux-m\u00eames. Est-ce que le d\u00e9bordement des services hospitaliers a influ\u00e9 les strat\u00e9gies de priorisation aux soins ? Le sujet est tabou. Les r\u00e9animateurs s\u2019en d\u00e9fendent\u2026<\/p>\n<p style=\"text-align: right;\"><em>(livre disponible depuis fin novembre)<\/em><\/p>\n<p><strong>Ce livre vous est propos\u00e9 au prix de 14\u20ac plus les \u00e9ventuels frais d\u2018envoi de 4.50 \u20ac.<br \/>\n<\/strong><strong>Les b\u00e9n\u00e9fices de la vente sont int\u00e9gralement revers\u00e9s \u00e0 l\u2019association.<\/strong><\/p>\n<p style=\"text-align: center;\"><em>Pour le paiement du livre sans frais de port \u00a0par carte bancaire\u00a0: <a href=\"https:\/\/www.helloasso.com\/associations\/conseil-departemental-des-associations-familiales-laiques\/paiements\/livre-et-pourtant-ils-savaient-covid-19-la-gestion-improvisee\">Cliquez ICI<\/a> \u00a014.00 \u20ac<br \/>\n<\/em><em>Pour le paiement du livre avec frais de port \u00a0par carte bancaire\u00a0: <a href=\"https:\/\/www.helloasso.com\/associations\/conseil-departemental-des-associations-familiales-laiques\/paiements\/livre-et-pourtant-ils-savaient-covid-19-la-gestion-improvisee-1\">Cliquez ICI<\/a>\u00a0 18.50 \u20ac<\/em><\/p>\n<p>Pour les autres moyens de paiement envoy\u00e9 les par courrier au si\u00e8ge social\u00a0: CDAFAL85 &#8211; 41 rue Monge &#8211; 85000 La Roche-sur-Yon<\/p>\n<p>D\u00e9p\u00f4t provisoire du livre pour un \u00e9ventuel retrait\u00a0: 32 rue Abb\u00e9 Lemire, secteur des Robreti\u00e8res. La Roche sur Yon 85000.<br \/>\nPour prendre rendez-vous et signaler votre passage : t\u00e9l\u00a0: 06 98 36 86 20.<\/p>\n<p>Pour les autres moyens de paiement envoy\u00e9 les par courrier au si\u00e8ge social\u00a0: CDAFAL85 &#8211; 41 rue Monge &#8211; 85000 La Roche-sur-Yon<\/p>\n<p><a href=\"http:\/\/www.afl85.org\/fr\/wp-content\/uploads\/2021\/01\/2021-01-05-flyer-commande.pdf\"><strong>Bon de Commande<\/strong><\/a><\/p>\n<p>&nbsp;<\/p>\n<p>&nbsp;<\/p>\n","protected":false},"excerpt":{"rendered":"<p>Le Comit\u00e9 d\u00e9partementale des Associations Familiales La\u00efques de Vend\u00e9e (CDAFAL Jean Luc Avide) est heureux de vous proposer en avant-premi\u00e8re, la parution du livre de Danielle Billy qui sort \u00e0 point nomm\u00e9 en cette p\u00e9riode de confinement. Les Familles La\u00efques, agr\u00e9es par l&rsquo;UDAF, d\u00e9fendent les int\u00e9r\u00eats sociaux et moraux de toutes les familles quelle que&hellip; <br \/> <a class=\"button small blue\" href=\"https:\/\/www.afl85.org\/fr\/blog\/livre-et-pourtant-ils-savaient\/\">Lire la suite<\/a><\/p>\n","protected":false},"author":1,"featured_media":165,"comment_status":"closed","ping_status":"closed","sticky":false,"template":"","format":"standard","meta":{"footnotes":""},"categories":[1],"tags":[],"class_list":["post-163","post","type-post","status-publish","format-standard","has-post-thumbnail","hentry","category-non-classe"],"_links":{"self":[{"href":"https:\/\/www.afl85.org\/fr\/wp-json\/wp\/v2\/posts\/163","targetHints":{"allow":["GET"]}}],"collection":[{"href":"https:\/\/www.afl85.org\/fr\/wp-json\/wp\/v2\/posts"}],"about":[{"href":"https:\/\/www.afl85.org\/fr\/wp-json\/wp\/v2\/types\/post"}],"author":[{"embeddable":true,"href":"https:\/\/www.afl85.org\/fr\/wp-json\/wp\/v2\/users\/1"}],"replies":[{"embeddable":true,"href":"https:\/\/www.afl85.org\/fr\/wp-json\/wp\/v2\/comments?post=163"}],"version-history":[{"count":3,"href":"https:\/\/www.afl85.org\/fr\/wp-json\/wp\/v2\/posts\/163\/revisions"}],"predecessor-version":[{"id":169,"href":"https:\/\/www.afl85.org\/fr\/wp-json\/wp\/v2\/posts\/163\/revisions\/169"}],"wp:featuredmedia":[{"embeddable":true,"href":"https:\/\/www.afl85.org\/fr\/wp-json\/wp\/v2\/media\/165"}],"wp:attachment":[{"href":"https:\/\/www.afl85.org\/fr\/wp-json\/wp\/v2\/media?parent=163"}],"wp:term":[{"taxonomy":"category","embeddable":true,"href":"https:\/\/www.afl85.org\/fr\/wp-json\/wp\/v2\/categories?post=163"},{"taxonomy":"post_tag","embeddable":true,"href":"https:\/\/www.afl85.org\/fr\/wp-json\/wp\/v2\/tags?post=163"}],"curies":[{"name":"wp","href":"https:\/\/api.w.org\/{rel}","templated":true}]}}