{"id":46,"date":"2023-10-31T17:10:53","date_gmt":"2023-10-31T16:10:53","guid":{"rendered":"http:\/\/www.afl85.org\/fr\/pa\/?p=46"},"modified":"2023-11-01T16:35:39","modified_gmt":"2023-11-01T15:35:39","slug":"concert-de-la-fraternite","status":"publish","type":"post","link":"https:\/\/www.afl85.org\/fr\/pa\/2023\/10\/31\/concert-de-la-fraternite\/","title":{"rendered":"CONCERT DE LA FRATERNIT\u00c9"},"content":{"rendered":"<p>Le concert organis\u00e9 par les Familles La\u00efques du Pays des Achards PA-AFL. Le pr\u00e9sident R\u00e9my Eveille organise avec son \u00e9quipe conf\u00e9rences et spectacles culturels, il a pour but de venir en aide \u00e0 l&rsquo;Association Vend\u00e9e-\u00b7Ukraine avec le souci d&rsquo;apporter une aide humanitaire en Ukraine. Celle-ci supporte notamment l&rsquo;H\u00f4pital P\u00e9diatrique de Lviv, la maison de retraite de Temopil, trois orphelinats ainsi que l\u2019\u00e9cole de danse des Joyeux Petits Souliers, sans oublier de nombreuses familles en difficult\u00e9 sous l&rsquo;\u00e9gide de son Pr\u00e9sident Alain LAlDET.<\/p>\n<p><strong>Deux chorales vont participer \u00e0 cet \u00e9v\u00e8nement.<\/strong><\/p>\n<p>La Chorale\u00a0<strong>\u00ab<\/strong><strong>\u00a0Chantevie\u00a0\u00bb<\/strong> est un groupe d&rsquo;une cinquantaine de choristes \u00e0 4 voix. Cr\u00e9\u00e9e dans les ann\u00e9es 80, Chantevie a pour objectif de faire d\u00e9couvrir et pratiquer la musique et le chant choral \u00e0 ses membres. Leur r\u00e9pertoire est essentiellement de vari\u00e9t\u00e9 fran\u00e7aise. La chorale sera pr\u00e9sid\u00e9e par Christian ARCHAMBAUD et la direction de ch\u0153ur sera assur\u00e9e par C\u00e9cile MORCH.<\/p>\n<p>Un autre ensemble vocal important \u00ab\u00a0<strong>A fond les notes<\/strong>\u00a0\u00bb interviendra apr\u00e8s l&rsquo;entracte de ce concert. Sous la direction de la cheffe de ch\u0153ur Denise Garraud. Elle pr\u00e9sente avec son ch\u00f4meur d&rsquo;hommes un r\u00e9pertoire de chants de marins sous le nom \u00ab\u00a0<strong>Le Diablotin du Puits d&rsquo;enfer<\/strong>\u00a0\u00bb Daniel DENAIN en est le Pr\u00e9sident.<\/p>\n<p><strong>Ordre des<\/strong><strong><em> Chants<\/em><\/strong><\/p>\n<p><em>Le concert sera <\/em>riche en v<em>ari\u00e9t\u00e9s de chants et d&rsquo;\u00e9motions avec neuf interpr\u00e9tation.<br \/>\n<\/em><em>Ensuite. La Chorale le Diablotin interpr\u00e9tera un ensemble de dix chants de marins.<br \/>\n<\/em><em>Enfin les deux chorales chanteront ensemble pour la finale<\/em><\/p>\n<p><strong>Appel \u00e0 la g\u00e9n\u00e9rosit\u00e9<\/strong><\/p>\n<p>Nous faisons appel li votre g\u00e9n\u00e9rosit\u00e9 pour aider cc peuple qui souffre de la guerre et qui a tant besoin de nous. Toutes les donations sont les bienvenues et peuvent \u00eatre faites en contactant bernard.guerit@orange.fr. Toute aide est pr\u00e9cieuse et contribue \u00e0 soutenir les efforts de l&rsquo;Association Vend\u00e9e-Ukraine.<\/p>\n<p><strong>Conclusion<\/strong><\/p>\n<p>Le concert Familles La\u00efques Vend\u00e9e-Ukraine sera un \u00e9v\u00e9nement musical m\u00e9morable. Rassemblant des chorales talentueuses autour d&rsquo;une cause humanitaire importante. Grince \u00e0 la g\u00e9n\u00e9rosit\u00e9 des participants et des spectateurs, nous esp\u00e9rons apporter un soutien significatif \u00e0 ceux qui en ont besoin en Ukraine.<\/p>\n<p>&nbsp;<\/p>\n<p><img loading=\"lazy\" decoding=\"async\" class=\"alignnone size-medium wp-image-47\" src=\"http:\/\/www.afl85.org\/fr\/pa\/wp-content\/uploads\/sites\/5\/2023\/10\/CONCERT-DE-LA-FRATERNITE-212x300.png\" alt=\"\" width=\"212\" height=\"300\" srcset=\"https:\/\/www.afl85.org\/fr\/pa\/wp-content\/uploads\/sites\/5\/2023\/10\/CONCERT-DE-LA-FRATERNITE-212x300.png 212w, https:\/\/www.afl85.org\/fr\/pa\/wp-content\/uploads\/sites\/5\/2023\/10\/CONCERT-DE-LA-FRATERNITE-724x1024.png 724w, https:\/\/www.afl85.org\/fr\/pa\/wp-content\/uploads\/sites\/5\/2023\/10\/CONCERT-DE-LA-FRATERNITE-768x1086.png 768w, https:\/\/www.afl85.org\/fr\/pa\/wp-content\/uploads\/sites\/5\/2023\/10\/CONCERT-DE-LA-FRATERNITE.png 1061w\" sizes=\"auto, (max-width: 212px) 100vw, 212px\" \/><\/p>\n","protected":false},"excerpt":{"rendered":"<p>Le concert organis\u00e9 par les Familles La\u00efques du Pays des Achards PA-AFL. Le pr\u00e9sident R\u00e9my Eveille organise avec son \u00e9quipe conf\u00e9rences et spectacles culturels, il a pour but de venir en aide \u00e0 l&rsquo;Association Vend\u00e9e-\u00b7Ukraine avec le souci d&rsquo;apporter une aide humanitaire en Ukraine. Celle-ci supporte notamment l&rsquo;H\u00f4pital P\u00e9diatrique de Lviv, la maison de retraite &hellip; <\/p>\n<p class=\"link-more\"><a href=\"https:\/\/www.afl85.org\/fr\/pa\/2023\/10\/31\/concert-de-la-fraternite\/\" class=\"more-link\">Continuer la lecture<span class=\"screen-reader-text\"> de &laquo;&nbsp;CONCERT DE LA FRATERNIT\u00c9&nbsp;&raquo;<\/span><\/a><\/p>\n","protected":false},"author":1,"featured_media":47,"comment_status":"closed","ping_status":"closed","sticky":true,"template":"","format":"standard","meta":{"footnotes":""},"categories":[1],"tags":[],"class_list":["post-46","post","type-post","status-publish","format-standard","has-post-thumbnail","hentry","category-non-classe"],"_links":{"self":[{"href":"https:\/\/www.afl85.org\/fr\/pa\/wp-json\/wp\/v2\/posts\/46","targetHints":{"allow":["GET"]}}],"collection":[{"href":"https:\/\/www.afl85.org\/fr\/pa\/wp-json\/wp\/v2\/posts"}],"about":[{"href":"https:\/\/www.afl85.org\/fr\/pa\/wp-json\/wp\/v2\/types\/post"}],"author":[{"embeddable":true,"href":"https:\/\/www.afl85.org\/fr\/pa\/wp-json\/wp\/v2\/users\/1"}],"replies":[{"embeddable":true,"href":"https:\/\/www.afl85.org\/fr\/pa\/wp-json\/wp\/v2\/comments?post=46"}],"version-history":[{"count":6,"href":"https:\/\/www.afl85.org\/fr\/pa\/wp-json\/wp\/v2\/posts\/46\/revisions"}],"predecessor-version":[{"id":57,"href":"https:\/\/www.afl85.org\/fr\/pa\/wp-json\/wp\/v2\/posts\/46\/revisions\/57"}],"wp:featuredmedia":[{"embeddable":true,"href":"https:\/\/www.afl85.org\/fr\/pa\/wp-json\/wp\/v2\/media\/47"}],"wp:attachment":[{"href":"https:\/\/www.afl85.org\/fr\/pa\/wp-json\/wp\/v2\/media?parent=46"}],"wp:term":[{"taxonomy":"category","embeddable":true,"href":"https:\/\/www.afl85.org\/fr\/pa\/wp-json\/wp\/v2\/categories?post=46"},{"taxonomy":"post_tag","embeddable":true,"href":"https:\/\/www.afl85.org\/fr\/pa\/wp-json\/wp\/v2\/tags?post=46"}],"curies":[{"name":"wp","href":"https:\/\/api.w.org\/{rel}","templated":true}]}}