{"id":30,"date":"2019-11-24T23:50:45","date_gmt":"2019-11-24T22:50:45","guid":{"rendered":"http:\/\/www.afl85.org\/fr\/pa\/?p=30"},"modified":"2023-10-31T19:39:43","modified_gmt":"2023-10-31T18:39:43","slug":"si-on-causait-stop-aux-discriminations","status":"publish","type":"post","link":"https:\/\/www.afl85.org\/fr\/pa\/2019\/11\/24\/si-on-causait-stop-aux-discriminations\/","title":{"rendered":"\u00ab\u00a0SI ON CAUSAIT ? &#8211; STOP AUX DISCRIMINATIONS\u00a0\u00bb"},"content":{"rendered":"<p><strong>Jeudi 5 d\u00e9cembre 2019<br \/>\n20h espace culturel GeorgeSand Les Achards<\/strong><\/p>\n<p>Discussion citoyenne sur des sujets d&rsquo;actualit\u00e9 et de soci\u00e9t\u00e9 en pr\u00e9sence de La Ligue des droits de l&rsquo;Homme et des Familles La\u00efques du Pays des Achards<\/p>\n","protected":false},"excerpt":{"rendered":"<p>Jeudi 5 d\u00e9cembre 2019 20h espace culturel GeorgeSand Les Achards Discussion citoyenne sur des sujets d&rsquo;actualit\u00e9 et de soci\u00e9t\u00e9 en pr\u00e9sence de La Ligue des droits de l&rsquo;Homme et des Familles La\u00efques du Pays des Achards<\/p>\n","protected":false},"author":1,"featured_media":20,"comment_status":"closed","ping_status":"closed","sticky":false,"template":"","format":"standard","meta":{"footnotes":""},"categories":[1],"tags":[],"class_list":["post-30","post","type-post","status-publish","format-standard","has-post-thumbnail","hentry","category-non-classe"],"_links":{"self":[{"href":"https:\/\/www.afl85.org\/fr\/pa\/wp-json\/wp\/v2\/posts\/30","targetHints":{"allow":["GET"]}}],"collection":[{"href":"https:\/\/www.afl85.org\/fr\/pa\/wp-json\/wp\/v2\/posts"}],"about":[{"href":"https:\/\/www.afl85.org\/fr\/pa\/wp-json\/wp\/v2\/types\/post"}],"author":[{"embeddable":true,"href":"https:\/\/www.afl85.org\/fr\/pa\/wp-json\/wp\/v2\/users\/1"}],"replies":[{"embeddable":true,"href":"https:\/\/www.afl85.org\/fr\/pa\/wp-json\/wp\/v2\/comments?post=30"}],"version-history":[{"count":1,"href":"https:\/\/www.afl85.org\/fr\/pa\/wp-json\/wp\/v2\/posts\/30\/revisions"}],"predecessor-version":[{"id":31,"href":"https:\/\/www.afl85.org\/fr\/pa\/wp-json\/wp\/v2\/posts\/30\/revisions\/31"}],"wp:featuredmedia":[{"embeddable":true,"href":"https:\/\/www.afl85.org\/fr\/pa\/wp-json\/wp\/v2\/media\/20"}],"wp:attachment":[{"href":"https:\/\/www.afl85.org\/fr\/pa\/wp-json\/wp\/v2\/media?parent=30"}],"wp:term":[{"taxonomy":"category","embeddable":true,"href":"https:\/\/www.afl85.org\/fr\/pa\/wp-json\/wp\/v2\/categories?post=30"},{"taxonomy":"post_tag","embeddable":true,"href":"https:\/\/www.afl85.org\/fr\/pa\/wp-json\/wp\/v2\/tags?post=30"}],"curies":[{"name":"wp","href":"https:\/\/api.w.org\/{rel}","templated":true}]}}